{"id":814,"date":"2026-09-04T10:11:11","date_gmt":"2026-09-04T10:11:11","guid":{"rendered":"https:\/\/cahier2techno.fr\/index.php\/2026\/09\/04\/orientation-apres-le-college\/"},"modified":"2026-09-04T10:11:11","modified_gmt":"2026-09-04T10:11:11","slug":"orientation-apres-le-college","status":"publish","type":"post","link":"https:\/\/cahier2techno.fr\/orientation-apres-le-college\/","title":{"rendered":"R\u00e9ussir son orientation apr\u00e8s le coll\u00e8ge"},"content":{"rendered":"<style>.chrtch-is{overflow:hidden!important;margin:10px 0}.chrtch-il{float:left!important;max-width:40%!important;height:auto!important;margin:0 15px 10px 0!important}.chrtch-ir{float:right!important;max-width:40%!important;height:auto!important;margin:0 0 10px 15px!important}.chrtch-ib{display:block!important;max-width:100%!important;height:auto!important;margin:10px auto!important}.chrtch-tw{overflow-x:auto;-webkit-overflow-scrolling:touch;margin:10px 0}.chrtch-tw table{min-width:500px}@media(max-width:768px){.chrtch-il,.chrtch-ir,.chrtch-ib{float:none!important;display:block!important;width:100%!important;max-width:100%!important;height:auto!important;margin:10px auto!important}.chrtch-is{overflow:visible!important}}<\/style>\n<h2>Un choix qui m\u00e9rite une vraie m\u00e9thode<\/h2>\n<p>Apr\u00e8s la 3e, beaucoup d\u2019\u00e9l\u00e8ves avancent avec des informations incompl\u00e8tes. Certains connaissent le lyc\u00e9e g\u00e9n\u00e9ral, mais ignorent ce que recouvrent r\u00e9ellement la voie technologique, le lyc\u00e9e professionnel ou l\u2019apprentissage. D\u2019autres choisissent une orientation apr\u00e8s le coll\u00e8ge en fonction des amis, d\u2019une r\u00e9putation ou d\u2019un m\u00e9tier aper\u00e7u sur une vid\u00e9o, sans avoir v\u00e9rifi\u00e9 les mati\u00e8res, le rythme de travail et les poursuites d\u2019\u00e9tudes.<\/p>\n<p>Pour approfondir les questions li\u00e9es aux formations, aux m\u00e9tiers et aux projets professionnels, <a href=\"http:\/\/collegejulesvalles-vitry.fr\">Coll\u00e8ge Jules Vall\u00e8s Vitry<\/a> propose un espace particuli\u00e8rement utile aux \u00e9l\u00e8ves et aux familles. Ses contenus peuvent aider \u00e0 mieux comprendre les parcours possibles et \u00e0 transformer une premi\u00e8re id\u00e9e en projet plus concret. Cette ressource compl\u00e8te efficacement les \u00e9changes avec le professeur principal, le psychologue de l\u2019\u00c9ducation nationale et les \u00e9quipes du coll\u00e8ge.<\/p>\n<p>Sur le terrain, les d\u00e9cisions les plus solides ne viennent pas d\u2019une r\u00e9ponse trouv\u00e9e en une soir\u00e9e. Elles se construisent en trois temps\u00a0: comprendre les voies accessibles, confronter le projet aux r\u00e9alit\u00e9s scolaires et professionnelles, puis conserver plusieurs options coh\u00e9rentes. Cette m\u00e9thode r\u00e9duit la pression et donne \u00e0 l\u2019\u00e9l\u00e8ve une place active dans son choix.<\/p>\n<h2>Les principales voies apr\u00e8s la 3e<\/h2>\n<h3>La seconde g\u00e9n\u00e9rale et technologique<\/h3>\n<p>La seconde g\u00e9n\u00e9rale et technologique convient aux \u00e9l\u00e8ves qui souhaitent garder un \u00e9ventail de poursuites d\u2019\u00e9tudes assez large. Elle permet de consolider les mati\u00e8res g\u00e9n\u00e9rales avant de choisir, en premi\u00e8re, entre une voie g\u00e9n\u00e9rale et une s\u00e9rie technologique. Le travail personnel y prend une place importante, avec davantage d\u2019autonomie et un rythme plus soutenu qu\u2019au coll\u00e8ge.<\/p>\n<p>Cette voie n\u2019est pas r\u00e9serv\u00e9e aux \u00e9l\u00e8ves qui obtiennent les meilleures notes dans toutes les mati\u00e8res. Le crit\u00e8re le plus parlant est souvent la r\u00e9gularit\u00e9\u00a0: savoir apprendre une le\u00e7on, r\u00e9diger, raisonner et travailler sans attendre la veille. Un \u00e9l\u00e8ve moyen mais organis\u00e9 peut y r\u00e9ussir plus facilement qu\u2019un \u00e9l\u00e8ve brillant qui refuse toute m\u00e9thode.<\/p>\n<h3>La voie professionnelle<\/h3>\n<p>Le lyc\u00e9e professionnel pr\u00e9pare \u00e0 un m\u00e9tier tout en laissant la possibilit\u00e9 de poursuivre ses \u00e9tudes. Le CAP se pr\u00e9pare g\u00e9n\u00e9ralement en deux ans et vise une insertion professionnelle rapide dans un secteur pr\u00e9cis. Le baccalaur\u00e9at professionnel se pr\u00e9pare en trois ans et associe enseignements g\u00e9n\u00e9raux, mati\u00e8res professionnelles et p\u00e9riodes de formation en milieu professionnel.<\/p>\n<p>Cette voie m\u00e9rite d\u2019\u00eatre choisie pour son contenu, et non comme une simple solution par d\u00e9faut. Un \u00e9l\u00e8ve attir\u00e9 par la m\u00e9canique, la cuisine, le commerce, les m\u00e9tiers du soin, le num\u00e9rique, le b\u00e2timent ou la logistique peut y trouver un cadre concret et motivant. La bonne question consiste \u00e0 comparer le programme r\u00e9el avec ce que l\u2019\u00e9l\u00e8ve aime faire au quotidien.<\/p>\n<p><img decoding=\"async\" src=\"https:\/\/cahier2techno.fr\/wp-content\/uploads\/2026\/09\/orientation-apres-college-lycee-professionnel-e9dc.webp\" alt=\"\u00c9l\u00e8ve d\u00e9couvrant un atelier professionnel avec outils et maquette technique pour r\u00e9ussir son orientation apr\u00e8s le coll\u00e8ge\" class=\"chrtch-ib\"><\/p>\n<h3>L\u2019apprentissage<\/h3>\n<p>L\u2019apprentissage alterne les cours dans un \u00e9tablissement de formation et l\u2019activit\u00e9 dans une entreprise. Il demande une vraie capacit\u00e9 d\u2019organisation, car l\u2019\u00e9l\u00e8ve doit s\u2019adapter \u00e0 deux environnements et respecter les attentes d\u2019un employeur. En contrepartie, il d\u00e9couvre rapidement les gestes professionnels et la r\u00e9alit\u00e9 d\u2019un m\u00e9tier.<\/p>\n<p>Avant de retenir cette option, il faut v\u00e9rifier quatre \u00e9l\u00e9ments tr\u00e8s concrets\u00a0: le dipl\u00f4me pr\u00e9par\u00e9, le rythme d\u2019alternance, la distance entre le domicile et les lieux de formation, ainsi que les d\u00e9marches n\u00e9cessaires pour trouver une entreprise. Une immersion, une rencontre avec un professionnel ou une visite de centre de formation apporte souvent plus d\u2019informations qu\u2019une fiche m\u00e9tier lue trop rapidement.<\/p>\n<p><img decoding=\"async\" src=\"https:\/\/cahier2techno.fr\/wp-content\/uploads\/2026\/09\/orientation-apres-college-0550.webp\" alt=\"\u00c9l\u00e8ve pr\u00e9parant son orientation apr\u00e8s le coll\u00e8ge entre cahier de formation, outils professionnels et accompagnement d\u2019un formateur\" class=\"chrtch-ib\"><\/p>\n<h2>Comparer les options avec une grille simple<\/h2>\n<p>Pour sortir d\u2019un choix fond\u00e9 uniquement sur l\u2019intuition, je conseille aux familles de noter chaque piste sur cinq crit\u00e8res. Attribuez une note de 1 \u00e0 5 pour l\u2019int\u00e9r\u00eat port\u00e9 aux mati\u00e8res, la capacit\u00e9 \u00e0 suivre le rythme, la distance et les transports, la coh\u00e9rence avec un m\u00e9tier envisag\u00e9 et le nombre de poursuites d\u2019\u00e9tudes possibles. Le total n\u2019a pas vocation \u00e0 d\u00e9cider \u00e0 la place de l\u2019\u00e9l\u00e8ve\u00a0: il sert \u00e0 faire appara\u00eetre les points \u00e0 v\u00e9rifier.<\/p>\n<p>Par exemple, une seconde g\u00e9n\u00e9rale peut obtenir une note \u00e9lev\u00e9e pour la diversit\u00e9 des \u00e9tudes, mais une note plus basse si l\u2019\u00e9l\u00e8ve ne supporte pas les mati\u00e8res th\u00e9oriques. Un CAP peut sembler tr\u00e8s adapt\u00e9 gr\u00e2ce aux activit\u00e9s pratiques, tout en demandant une recherche plus pr\u00e9cise sur les \u00e9tablissements et les d\u00e9bouch\u00e9s locaux. Une formation en apprentissage peut \u00eatre motivante, \u00e0 condition que le transport et la recherche d\u2019employeur soient anticip\u00e9s.<\/p>\n<h2>Construire un projet sans enfermer l\u2019\u00e9l\u00e8ve<\/h2>\n<p>Un m\u00e9tier r\u00eav\u00e9 ne doit pas devenir une obligation d\u00e9finitive. \u00c0 14 ou 15 ans, il est normal d\u2019avoir une id\u00e9e encore floue. Le r\u00f4le de l\u2019entourage consiste \u00e0 transformer cette id\u00e9e en hypoth\u00e8ses \u00e0 tester. Si un \u00e9l\u00e8ve veut travailler dans l\u2019informatique, il peut comparer le d\u00e9veloppement, la maintenance, les r\u00e9seaux, la cybers\u00e9curit\u00e9 et le support technique. Ces m\u00e9tiers utilisent des comp\u00e9tences diff\u00e9rentes et ne correspondent pas aux m\u00eames formations.<\/p>\n<p>Une fiche de projet peut tenir sur une page. Elle contient le m\u00e9tier ou le secteur envisag\u00e9, les activit\u00e9s qui attirent l\u2019\u00e9l\u00e8ve, les mati\u00e8res \u00e0 renforcer, une formation rep\u00e9r\u00e9e, une personne \u00e0 rencontrer et une action \u00e0 r\u00e9aliser dans les quinze jours. Cette derni\u00e8re ligne est essentielle\u00a0: appeler un \u00e9tablissement, participer \u00e0 une journ\u00e9e portes ouvertes, demander une immersion ou interroger un professionnel fait progresser le projet.<\/p>\n<h3>Le test des activit\u00e9s r\u00e9elles<\/h3>\n<p>Les go\u00fbts d\u00e9clar\u00e9s sont utiles, mais les activit\u00e9s observables sont plus fiables. Aimer les animaux ne signifie pas forc\u00e9ment vouloir devenir soigneur. Appr\u00e9cier les jeux vid\u00e9o ne suffit pas \u00e0 choisir l\u2019informatique. Il faut regarder ce que l\u2019\u00e9l\u00e8ve accepte de faire r\u00e9guli\u00e8rement\u00a0: manipuler, expliquer, calculer, r\u00e9parer, \u00e9crire, organiser, aider, vendre ou travailler en \u00e9quipe.<\/p>\n<p>Une discussion familiale peut partir de trois situations v\u00e9cues r\u00e9cemment. Quelle activit\u00e9 scolaire a donn\u00e9 envie de continuer\u00a0? Quelle t\u00e2che a \u00e9t\u00e9 men\u00e9e jusqu\u2019au bout malgr\u00e9 une difficult\u00e9\u00a0? Quel type de probl\u00e8me l\u2019\u00e9l\u00e8ve aime-t-il r\u00e9soudre\u00a0? Les r\u00e9ponses apportent souvent des indices plus pr\u00e9cis qu\u2019une liste de m\u00e9tiers \u00e0 la mode.<\/p>\n<h2>Le calendrier utile en classe de troisi\u00e8me<\/h2>\n<p>D\u00e8s le premier trimestre, l\u2019\u00e9l\u00e8ve gagne \u00e0 recenser trois secteurs qui l\u2019int\u00e9ressent et \u00e0 identifier les mati\u00e8res n\u00e9cessaires pour y acc\u00e9der. Le deuxi\u00e8me trimestre sert \u00e0 comparer les voies, les \u00e9tablissements et les conditions d\u2019admission. C\u2019est le bon moment pour participer aux portes ouvertes et demander des informations concr\u00e8tes sur les horaires, les stages et les poursuites d\u2019\u00e9tudes.<\/p>\n<p>Au troisi\u00e8me trimestre, les v\u0153ux doivent refl\u00e9ter un projet travaill\u00e9, avec plusieurs choix hi\u00e9rarchis\u00e9s. Une strat\u00e9gie efficace associe une option prioritaire, une option proche et une solution compl\u00e9mentaire r\u00e9ellement acceptable. Cette organisation \u00e9vite de tout miser sur une seule formation et permet de garder un cap coh\u00e9rent jusqu\u2019\u00e0 l\u2019affectation.<\/p>\n<p>Les familles doivent aussi distinguer trois notions souvent confondues\u00a0: le souhait de l\u2019\u00e9l\u00e8ve, la d\u00e9cision d\u2019orientation et l\u2019affectation dans un \u00e9tablissement. Un projet peut \u00eatre valid\u00e9 sans garantir une place dans le lyc\u00e9e demand\u00e9. Anticiper les secteurs g\u00e9ographiques et les capacit\u00e9s d\u2019accueil permet donc de formuler des v\u0153ux plus r\u00e9alistes.<\/p>\n<h2>Les erreurs qui compliquent le choix<\/h2>\n<p>La premi\u00e8re erreur consiste \u00e0 choisir uniquement en fonction des r\u00e9sultats scolaires. Les notes donnent une indication, mais elles ne mesurent ni la motivation, ni la capacit\u00e9 \u00e0 progresser, ni l\u2019int\u00e9r\u00eat pour les activit\u00e9s professionnelles. La deuxi\u00e8me consiste \u00e0 \u00e9carter une voie sans avoir rencontr\u00e9 d\u2019\u00e9l\u00e8ve, d\u2019enseignant ou de professionnel qui la conna\u00eet.<\/p>\n<p>La troisi\u00e8me erreur est de confondre prestige et ad\u00e9quation. Une formation r\u00e9put\u00e9e ne sera pas forc\u00e9ment la meilleure si son contenu ne correspond pas au fonctionnement de l\u2019\u00e9l\u00e8ve. \u00c0 l\u2019inverse, une voie moins connue peut ouvrir de belles perspectives lorsqu\u2019elle associe enseignements adapt\u00e9s, stages et poursuites d\u2019\u00e9tudes clairement identifi\u00e9es.<\/p>\n<p>Enfin, d\u00e9cider \u00e0 la place du jeune fragilise son engagement. Les adultes peuvent cadrer, expliquer les cons\u00e9quences et v\u00e9rifier les informations, mais l\u2019\u00e9l\u00e8ve doit pouvoir formuler ce qui l\u2019attire et ce qu\u2019il est pr\u00eat \u00e0 travailler. Un choix compris est g\u00e9n\u00e9ralement plus durable qu\u2019un choix simplement impos\u00e9.<\/p>\n<h2>Un plan d\u2019action \u00e0 appliquer cette semaine<\/h2>\n<p>Commencez par s\u00e9lectionner trois pistes diff\u00e9rentes, sans chercher imm\u00e9diatement la r\u00e9ponse parfaite. Pour chacune, \u00e9crivez les mati\u00e8res \u00e9tudi\u00e9es, le rythme hebdomadaire, les stages ou p\u00e9riodes en entreprise, le dipl\u00f4me obtenu et les poursuites possibles. Consultez ensuite les informations des \u00e9tablissements et notez les questions qui restent sans r\u00e9ponse.<\/p>\n<p>Organisez ensuite un \u00e9change de vingt minutes avec l\u2019\u00e9l\u00e8ve, sans corriger imm\u00e9diatement ses id\u00e9es. Demandez-lui de classer ses pistes selon son int\u00e9r\u00eat, sa confiance et les efforts qu\u2019il accepte de fournir. Enfin, choisissez une d\u00e9marche v\u00e9rifiable avant la fin de la semaine, comme une visite, un appel, une rencontre ou une recherche cibl\u00e9e sur une formation.<\/p>\n<p>Cette d\u00e9marche produit rapidement un r\u00e9sultat concret\u00a0: l\u2019\u00e9l\u00e8ve ne choisit plus une orientation apr\u00e8s le coll\u00e8ge \u00e0 partir d\u2019une impression g\u00e9n\u00e9rale, mais \u00e0 partir d\u2019\u00e9l\u00e9ments comparables. M\u00eame si le projet \u00e9volue ensuite, les comp\u00e9tences acquises pour rechercher, questionner et d\u00e9cider resteront utiles dans les \u00e9tapes suivantes.<\/p>\n<h2>Donner au projet le temps de m\u00fbrir<\/h2>\n<p>Une orientation r\u00e9ussie n\u2019est pas celle qui pr\u00e9dit parfaitement l\u2019avenir \u00e0 15 ans. C\u2019est celle qui correspond au niveau de maturit\u00e9 du moment, qui s\u2019appuie sur des informations v\u00e9rifi\u00e9es et qui laisse des possibilit\u00e9s d\u2019\u00e9volution. En combinant dialogue, d\u00e9couverte des m\u00e9tiers et comparaison des formations, la famille aide l\u2019\u00e9l\u00e8ve \u00e0 avancer avec davantage de confiance.<\/p>\n<p>Le meilleur prochain pas est souvent tr\u00e8s simple\u00a0: choisir une seule piste \u00e0 explorer aujourd\u2019hui, puis programmer une deuxi\u00e8me v\u00e9rification dans quinze jours. Cette progression transforme l\u2019inqui\u00e9tude en d\u00e9marche et permet de construire un parcours qui ressemble r\u00e9ellement aux capacit\u00e9s, aux envies et aux ambitions de l\u2019\u00e9l\u00e8ve.<\/p>\n","protected":false},"excerpt":{"rendered":"<p>Un choix qui m\u00e9rite une vraie m\u00e9thode Apr\u00e8s la 3e, beaucoup d\u2019\u00e9l\u00e8ves avancent avec des informations incompl\u00e8tes. Certains connaissent le lyc\u00e9e g\u00e9n\u00e9ral, mais ignorent ce que recouvrent r\u00e9ellement la voie technologique, le lyc\u00e9e professionnel ou l\u2019apprentissage. D\u2019autres choisissent une orientation apr\u00e8s le coll\u00e8ge en fonction des amis, d\u2019une r\u00e9putation ou d\u2019un m\u00e9tier aper\u00e7u sur une [&hellip;]<\/p>\n","protected":false},"author":1,"featured_media":813,"comment_status":"open","ping_status":"open","sticky":false,"template":"","format":"standard","meta":{"footnotes":""},"categories":[13],"tags":[],"class_list":["post-814","post","type-post","status-publish","format-standard","has-post-thumbnail","hentry","category-enseignement"],"yoast_head":"<!-- This site is optimized with the Yoast SEO plugin v27.6 - https:\/\/yoast.com\/product\/yoast-seo-wordpress\/ -->\n<title>Orientation apr\u00e8s le coll\u00e8ge, les choix qui comptent<\/title>\n<meta name=\"description\" content=\"Comprendre les voies apr\u00e8s la 3e, comparer lyc\u00e9e, apprentissage et formations professionnelles, puis construire un choix r\u00e9aliste avec m\u00e9thode et s\u00e9r\u00e9nit\u00e9\" \/>\n<meta name=\"robots\" content=\"index, follow, max-snippet:-1, max-image-preview:large, max-video-preview:-1\" \/>\n<link rel=\"canonical\" href=\"https:\/\/cahier2techno.fr\/orientation-apres-le-college\/\" \/>\n<meta property=\"og:locale\" content=\"fr_FR\" \/>\n<meta property=\"og:type\" content=\"article\" \/>\n<meta property=\"og:title\" content=\"Orientation apr\u00e8s le coll\u00e8ge, les choix qui comptent\" \/>\n<meta property=\"og:description\" content=\"Comprendre les voies apr\u00e8s la 3e, comparer lyc\u00e9e, apprentissage et formations professionnelles, puis construire un choix r\u00e9aliste avec m\u00e9thode et s\u00e9r\u00e9nit\u00e9\" \/>\n<meta property=\"og:url\" content=\"https:\/\/cahier2techno.fr\/orientation-apres-le-college\/\" \/>\n<meta property=\"og:site_name\" content=\"Cahier2techno.fr\" \/>\n<meta property=\"article:published_time\" content=\"2026-09-04T10:11:11+00:00\" \/>\n<meta property=\"og:image\" content=\"https:\/\/cahier2techno.fr\/wp-content\/uploads\/2026\/09\/orientation-apres-college-0550-1.webp\" \/>\n\t<meta property=\"og:image:width\" content=\"1200\" \/>\n\t<meta property=\"og:image:height\" content=\"800\" \/>\n\t<meta property=\"og:image:type\" content=\"image\/webp\" \/>\n<meta name=\"author\" content=\"Yannick Fayeulle\" \/>\n<meta name=\"twitter:card\" content=\"summary_large_image\" \/>\n<meta name=\"twitter:label1\" content=\"\u00c9crit par\" \/>\n\t<meta name=\"twitter:data1\" content=\"Yannick Fayeulle\" \/>\n\t<meta name=\"twitter:label2\" content=\"Dur\u00e9e de lecture estim\u00e9e\" \/>\n\t<meta name=\"twitter:data2\" content=\"9 minutes\" \/>\n<script type=\"application\/ld+json\" class=\"yoast-schema-graph\">{\"@context\":\"https:\\\/\\\/schema.org\",\"@graph\":[{\"@type\":\"Article\",\"@id\":\"https:\\\/\\\/cahier2techno.fr\\\/orientation-apres-le-college\\\/#article\",\"isPartOf\":{\"@id\":\"https:\\\/\\\/cahier2techno.fr\\\/orientation-apres-le-college\\\/\"},\"author\":{\"name\":\"Yannick Fayeulle\",\"@id\":\"https:\\\/\\\/cahier2techno.fr\\\/#\\\/schema\\\/person\\\/3801cbd3e787da0ab9ebf04e97f9befc\"},\"headline\":\"R\u00e9ussir son orientation apr\u00e8s le coll\u00e8ge\",\"datePublished\":\"2026-09-04T10:11:11+00:00\",\"mainEntityOfPage\":{\"@id\":\"https:\\\/\\\/cahier2techno.fr\\\/orientation-apres-le-college\\\/\"},\"wordCount\":1841,\"commentCount\":0,\"image\":{\"@id\":\"https:\\\/\\\/cahier2techno.fr\\\/orientation-apres-le-college\\\/#primaryimage\"},\"thumbnailUrl\":\"https:\\\/\\\/cahier2techno.fr\\\/wp-content\\\/uploads\\\/2026\\\/09\\\/orientation-apres-college-0550-1.webp\",\"articleSection\":[\"Enseignement\"],\"inLanguage\":\"fr-FR\",\"potentialAction\":[{\"@type\":\"CommentAction\",\"name\":\"Comment\",\"target\":[\"https:\\\/\\\/cahier2techno.fr\\\/orientation-apres-le-college\\\/#respond\"]}]},{\"@type\":\"WebPage\",\"@id\":\"https:\\\/\\\/cahier2techno.fr\\\/orientation-apres-le-college\\\/\",\"url\":\"https:\\\/\\\/cahier2techno.fr\\\/orientation-apres-le-college\\\/\",\"name\":\"Orientation apr\u00e8s le coll\u00e8ge, les choix qui comptent\",\"isPartOf\":{\"@id\":\"https:\\\/\\\/cahier2techno.fr\\\/#website\"},\"primaryImageOfPage\":{\"@id\":\"https:\\\/\\\/cahier2techno.fr\\\/orientation-apres-le-college\\\/#primaryimage\"},\"image\":{\"@id\":\"https:\\\/\\\/cahier2techno.fr\\\/orientation-apres-le-college\\\/#primaryimage\"},\"thumbnailUrl\":\"https:\\\/\\\/cahier2techno.fr\\\/wp-content\\\/uploads\\\/2026\\\/09\\\/orientation-apres-college-0550-1.webp\",\"datePublished\":\"2026-09-04T10:11:11+00:00\",\"author\":{\"@id\":\"https:\\\/\\\/cahier2techno.fr\\\/#\\\/schema\\\/person\\\/3801cbd3e787da0ab9ebf04e97f9befc\"},\"description\":\"Comprendre les voies apr\u00e8s la 3e, comparer lyc\u00e9e, apprentissage et formations professionnelles, puis construire un choix r\u00e9aliste avec m\u00e9thode et s\u00e9r\u00e9nit\u00e9\",\"breadcrumb\":{\"@id\":\"https:\\\/\\\/cahier2techno.fr\\\/orientation-apres-le-college\\\/#breadcrumb\"},\"inLanguage\":\"fr-FR\",\"potentialAction\":[{\"@type\":\"ReadAction\",\"target\":[\"https:\\\/\\\/cahier2techno.fr\\\/orientation-apres-le-college\\\/\"]}]},{\"@type\":\"ImageObject\",\"inLanguage\":\"fr-FR\",\"@id\":\"https:\\\/\\\/cahier2techno.fr\\\/orientation-apres-le-college\\\/#primaryimage\",\"url\":\"https:\\\/\\\/cahier2techno.fr\\\/wp-content\\\/uploads\\\/2026\\\/09\\\/orientation-apres-college-0550-1.webp\",\"contentUrl\":\"https:\\\/\\\/cahier2techno.fr\\\/wp-content\\\/uploads\\\/2026\\\/09\\\/orientation-apres-college-0550-1.webp\",\"width\":1200,\"height\":800,\"caption\":\"orientation apres college 0550 1\"},{\"@type\":\"BreadcrumbList\",\"@id\":\"https:\\\/\\\/cahier2techno.fr\\\/orientation-apres-le-college\\\/#breadcrumb\",\"itemListElement\":[{\"@type\":\"ListItem\",\"position\":1,\"name\":\"Accueil\",\"item\":\"https:\\\/\\\/cahier2techno.fr\\\/\"},{\"@type\":\"ListItem\",\"position\":2,\"name\":\"R\u00e9ussir son orientation apr\u00e8s le coll\u00e8ge\"}]},{\"@type\":\"WebSite\",\"@id\":\"https:\\\/\\\/cahier2techno.fr\\\/#website\",\"url\":\"https:\\\/\\\/cahier2techno.fr\\\/\",\"name\":\"Cahier2techno.fr\",\"description\":\"Coll\u00e8ge Albert Debeyre \u2013 Beuvry \u2013 Cours de technologie\",\"potentialAction\":[{\"@type\":\"SearchAction\",\"target\":{\"@type\":\"EntryPoint\",\"urlTemplate\":\"https:\\\/\\\/cahier2techno.fr\\\/?s={search_term_string}\"},\"query-input\":{\"@type\":\"PropertyValueSpecification\",\"valueRequired\":true,\"valueName\":\"search_term_string\"}}],\"inLanguage\":\"fr-FR\"},{\"@type\":\"Person\",\"@id\":\"https:\\\/\\\/cahier2techno.fr\\\/#\\\/schema\\\/person\\\/3801cbd3e787da0ab9ebf04e97f9befc\",\"name\":\"Yannick Fayeulle\",\"image\":{\"@type\":\"ImageObject\",\"inLanguage\":\"fr-FR\",\"@id\":\"https:\\\/\\\/cahier2techno.fr\\\/wp-content\\\/uploads\\\/2026\\\/06\\\/img_6a2f89736e54b-120x120.webp\",\"url\":\"https:\\\/\\\/cahier2techno.fr\\\/wp-content\\\/uploads\\\/2026\\\/06\\\/img_6a2f89736e54b-120x120.webp\",\"contentUrl\":\"https:\\\/\\\/cahier2techno.fr\\\/wp-content\\\/uploads\\\/2026\\\/06\\\/img_6a2f89736e54b-120x120.webp\",\"caption\":\"Yannick Fayeulle\"},\"description\":\"Enseignant en technologie au coll\u00e8ge, il a d\u00e9velopp\u00e9 une approche p\u00e9dagogique centr\u00e9e sur la continuit\u00e9 et l'accessibilit\u00e9 des contenus. Convaincu que les \u00e9l\u00e8ves doivent pouvoir r\u00e9viser et progresser \u00e0 leur rythme, il a cr\u00e9\u00e9 cet espace num\u00e9rique pour documenter chaque \u00e9tape du parcours \u00e9ducatif. Son objectif : transformer l'apprentissage technologique en une exp\u00e9rience transparente et collaborative, o\u00f9 chaque \u00e9l\u00e8ve trouve les ressources dont il a besoin au moment opportun.\",\"sameAs\":[\"https:\\\/\\\/cahier2techno.fr\"],\"url\":\"https:\\\/\\\/cahier2techno.fr\\\/index.php\\\/author\\\/admin\\\/\"}]}<\/script>\n<!-- \/ Yoast SEO plugin. -->","yoast_head_json":{"title":"Orientation apr\u00e8s le coll\u00e8ge, les choix qui comptent","description":"Comprendre les voies apr\u00e8s la 3e, comparer lyc\u00e9e, apprentissage et formations professionnelles, puis construire un choix r\u00e9aliste avec m\u00e9thode et s\u00e9r\u00e9nit\u00e9","robots":{"index":"index","follow":"follow","max-snippet":"max-snippet:-1","max-image-preview":"max-image-preview:large","max-video-preview":"max-video-preview:-1"},"canonical":"https:\/\/cahier2techno.fr\/orientation-apres-le-college\/","og_locale":"fr_FR","og_type":"article","og_title":"Orientation apr\u00e8s le coll\u00e8ge, les choix qui comptent","og_description":"Comprendre les voies apr\u00e8s la 3e, comparer lyc\u00e9e, apprentissage et formations professionnelles, puis construire un choix r\u00e9aliste avec m\u00e9thode et s\u00e9r\u00e9nit\u00e9","og_url":"https:\/\/cahier2techno.fr\/orientation-apres-le-college\/","og_site_name":"Cahier2techno.fr","article_published_time":"2026-09-04T10:11:11+00:00","og_image":[{"width":1200,"height":800,"url":"https:\/\/cahier2techno.fr\/wp-content\/uploads\/2026\/09\/orientation-apres-college-0550-1.webp","type":"image\/webp"}],"author":"Yannick Fayeulle","twitter_card":"summary_large_image","twitter_misc":{"\u00c9crit par":"Yannick Fayeulle","Dur\u00e9e de lecture estim\u00e9e":"9 minutes"},"schema":{"@context":"https:\/\/schema.org","@graph":[{"@type":"Article","@id":"https:\/\/cahier2techno.fr\/orientation-apres-le-college\/#article","isPartOf":{"@id":"https:\/\/cahier2techno.fr\/orientation-apres-le-college\/"},"author":{"name":"Yannick Fayeulle","@id":"https:\/\/cahier2techno.fr\/#\/schema\/person\/3801cbd3e787da0ab9ebf04e97f9befc"},"headline":"R\u00e9ussir son orientation apr\u00e8s le coll\u00e8ge","datePublished":"2026-09-04T10:11:11+00:00","mainEntityOfPage":{"@id":"https:\/\/cahier2techno.fr\/orientation-apres-le-college\/"},"wordCount":1841,"commentCount":0,"image":{"@id":"https:\/\/cahier2techno.fr\/orientation-apres-le-college\/#primaryimage"},"thumbnailUrl":"https:\/\/cahier2techno.fr\/wp-content\/uploads\/2026\/09\/orientation-apres-college-0550-1.webp","articleSection":["Enseignement"],"inLanguage":"fr-FR","potentialAction":[{"@type":"CommentAction","name":"Comment","target":["https:\/\/cahier2techno.fr\/orientation-apres-le-college\/#respond"]}]},{"@type":"WebPage","@id":"https:\/\/cahier2techno.fr\/orientation-apres-le-college\/","url":"https:\/\/cahier2techno.fr\/orientation-apres-le-college\/","name":"Orientation apr\u00e8s le coll\u00e8ge, les choix qui comptent","isPartOf":{"@id":"https:\/\/cahier2techno.fr\/#website"},"primaryImageOfPage":{"@id":"https:\/\/cahier2techno.fr\/orientation-apres-le-college\/#primaryimage"},"image":{"@id":"https:\/\/cahier2techno.fr\/orientation-apres-le-college\/#primaryimage"},"thumbnailUrl":"https:\/\/cahier2techno.fr\/wp-content\/uploads\/2026\/09\/orientation-apres-college-0550-1.webp","datePublished":"2026-09-04T10:11:11+00:00","author":{"@id":"https:\/\/cahier2techno.fr\/#\/schema\/person\/3801cbd3e787da0ab9ebf04e97f9befc"},"description":"Comprendre les voies apr\u00e8s la 3e, comparer lyc\u00e9e, apprentissage et formations professionnelles, puis construire un choix r\u00e9aliste avec m\u00e9thode et s\u00e9r\u00e9nit\u00e9","breadcrumb":{"@id":"https:\/\/cahier2techno.fr\/orientation-apres-le-college\/#breadcrumb"},"inLanguage":"fr-FR","potentialAction":[{"@type":"ReadAction","target":["https:\/\/cahier2techno.fr\/orientation-apres-le-college\/"]}]},{"@type":"ImageObject","inLanguage":"fr-FR","@id":"https:\/\/cahier2techno.fr\/orientation-apres-le-college\/#primaryimage","url":"https:\/\/cahier2techno.fr\/wp-content\/uploads\/2026\/09\/orientation-apres-college-0550-1.webp","contentUrl":"https:\/\/cahier2techno.fr\/wp-content\/uploads\/2026\/09\/orientation-apres-college-0550-1.webp","width":1200,"height":800,"caption":"orientation apres college 0550 1"},{"@type":"BreadcrumbList","@id":"https:\/\/cahier2techno.fr\/orientation-apres-le-college\/#breadcrumb","itemListElement":[{"@type":"ListItem","position":1,"name":"Accueil","item":"https:\/\/cahier2techno.fr\/"},{"@type":"ListItem","position":2,"name":"R\u00e9ussir son orientation apr\u00e8s le coll\u00e8ge"}]},{"@type":"WebSite","@id":"https:\/\/cahier2techno.fr\/#website","url":"https:\/\/cahier2techno.fr\/","name":"Cahier2techno.fr","description":"Coll\u00e8ge Albert Debeyre \u2013 Beuvry \u2013 Cours de technologie","potentialAction":[{"@type":"SearchAction","target":{"@type":"EntryPoint","urlTemplate":"https:\/\/cahier2techno.fr\/?s={search_term_string}"},"query-input":{"@type":"PropertyValueSpecification","valueRequired":true,"valueName":"search_term_string"}}],"inLanguage":"fr-FR"},{"@type":"Person","@id":"https:\/\/cahier2techno.fr\/#\/schema\/person\/3801cbd3e787da0ab9ebf04e97f9befc","name":"Yannick Fayeulle","image":{"@type":"ImageObject","inLanguage":"fr-FR","@id":"https:\/\/cahier2techno.fr\/wp-content\/uploads\/2026\/06\/img_6a2f89736e54b-120x120.webp","url":"https:\/\/cahier2techno.fr\/wp-content\/uploads\/2026\/06\/img_6a2f89736e54b-120x120.webp","contentUrl":"https:\/\/cahier2techno.fr\/wp-content\/uploads\/2026\/06\/img_6a2f89736e54b-120x120.webp","caption":"Yannick Fayeulle"},"description":"Enseignant en technologie au coll\u00e8ge, il a d\u00e9velopp\u00e9 une approche p\u00e9dagogique centr\u00e9e sur la continuit\u00e9 et l'accessibilit\u00e9 des contenus. Convaincu que les \u00e9l\u00e8ves doivent pouvoir r\u00e9viser et progresser \u00e0 leur rythme, il a cr\u00e9\u00e9 cet espace num\u00e9rique pour documenter chaque \u00e9tape du parcours \u00e9ducatif. Son objectif : transformer l'apprentissage technologique en une exp\u00e9rience transparente et collaborative, o\u00f9 chaque \u00e9l\u00e8ve trouve les ressources dont il a besoin au moment opportun.","sameAs":["https:\/\/cahier2techno.fr"],"url":"https:\/\/cahier2techno.fr\/index.php\/author\/admin\/"}]}},"_links":{"self":[{"href":"https:\/\/cahier2techno.fr\/index.php\/wp-json\/wp\/v2\/posts\/814","targetHints":{"allow":["GET"]}}],"collection":[{"href":"https:\/\/cahier2techno.fr\/index.php\/wp-json\/wp\/v2\/posts"}],"about":[{"href":"https:\/\/cahier2techno.fr\/index.php\/wp-json\/wp\/v2\/types\/post"}],"author":[{"embeddable":true,"href":"https:\/\/cahier2techno.fr\/index.php\/wp-json\/wp\/v2\/users\/1"}],"replies":[{"embeddable":true,"href":"https:\/\/cahier2techno.fr\/index.php\/wp-json\/wp\/v2\/comments?post=814"}],"version-history":[{"count":0,"href":"https:\/\/cahier2techno.fr\/index.php\/wp-json\/wp\/v2\/posts\/814\/revisions"}],"wp:featuredmedia":[{"embeddable":true,"href":"https:\/\/cahier2techno.fr\/index.php\/wp-json\/wp\/v2\/media\/813"}],"wp:attachment":[{"href":"https:\/\/cahier2techno.fr\/index.php\/wp-json\/wp\/v2\/media?parent=814"}],"wp:term":[{"taxonomy":"category","embeddable":true,"href":"https:\/\/cahier2techno.fr\/index.php\/wp-json\/wp\/v2\/categories?post=814"},{"taxonomy":"post_tag","embeddable":true,"href":"https:\/\/cahier2techno.fr\/index.php\/wp-json\/wp\/v2\/tags?post=814"}],"curies":[{"name":"wp","href":"https:\/\/api.w.org\/{rel}","templated":true}]}}