{"id":818,"date":"2026-09-04T12:46:08","date_gmt":"2026-09-04T12:46:08","guid":{"rendered":"https:\/\/cahier2techno.fr\/index.php\/2026\/09\/04\/ifsi-ifas-puer-saintdenis\/"},"modified":"2026-09-04T12:46:08","modified_gmt":"2026-09-04T12:46:08","slug":"ifsi-ifas-puer-saintdenis","status":"publish","type":"post","link":"https:\/\/cahier2techno.fr\/ifsi-ifas-puer-saintdenis\/","title":{"rendered":"Ifsi Ifas Puer Saintdenis pour construire son projet de formation"},"content":{"rendered":"<style>.chrtch-is{overflow:hidden!important;margin:10px 0}.chrtch-il{float:left!important;max-width:40%!important;height:auto!important;margin:0 15px 10px 0!important}.chrtch-ir{float:right!important;max-width:40%!important;height:auto!important;margin:0 0 10px 15px!important}.chrtch-ib{display:block!important;max-width:100%!important;height:auto!important;margin:10px auto!important}.chrtch-tw{overflow-x:auto;-webkit-overflow-scrolling:touch;margin:10px 0}.chrtch-tw table{min-width:500px}@media(max-width:768px){.chrtch-il,.chrtch-ir,.chrtch-ib{float:none!important;display:block!important;width:100%!important;max-width:100%!important;height:auto!important;margin:10px auto!important}.chrtch-is{overflow:visible!important}}<\/style>\n<p>Choisir une formation dans le domaine des soins demande de rassembler des informations fiables, de comprendre les parcours possibles et de relier chaque option \u00e0 son propre projet. Entre les formations infirmi\u00e8res, aides-soignantes et celles li\u00e9es \u00e0 la petite enfance, les d\u00e9marches peuvent rapidement sembler complexes. Un espace sp\u00e9cialis\u00e9 aide \u00e0 avancer avec davantage de clart\u00e9.<\/p>\n<p>Le site <a href=\"https:\/\/www.ifsi-ifas-puer-saintdenis.fr\">Ifsi Ifas Puer Saintdenis<\/a> apporte un point de rep\u00e8re aux personnes qui explorent ces orientations. Sa th\u00e9matique r\u00e9unit les univers de l\u2019IFSI, de l\u2019IFAS et de la pu\u00e9riculture, afin de faciliter la compr\u00e9hension des parcours concern\u00e9s. Sa consultation permet de mieux pr\u00e9parer ses recherches et de structurer les prochaines \u00e9tapes de son projet.<\/p>\n<h2>Comprendre le concept d\u2019Ifsi Ifas Puer Saintdenis<\/h2>\n<p>Ifsi correspond \u00e0 l\u2019Institut de formation en soins infirmiers, tandis qu\u2019Ifas d\u00e9signe l\u2019Institut de formation d\u2019aides-soignants. La mention Puer renvoie \u00e0 l\u2019univers de la pu\u00e9riculture et de l\u2019accompagnement des jeunes enfants. R\u00e9unis dans une m\u00eame appellation, ces termes donnent une premi\u00e8re indication sur le champ couvert par Ifsi Ifas Puer Saintdenis.<\/p>\n<p>Le projet s\u2019inscrit ainsi dans une logique d\u2019orientation et de d\u00e9couverte des m\u00e9tiers du soin. Le lecteur peut y trouver un cadre pour mieux distinguer les formations, les comp\u00e9tences recherch\u00e9es et les environnements professionnels associ\u00e9s \u00e0 ces voies. Cette approche est particuli\u00e8rement utile au moment o\u00f9 une id\u00e9e de m\u00e9tier doit devenir un projet concret.<\/p>\n<h2>\u00c0 qui s\u2019adresse ce rep\u00e8re en ligne<\/h2>\n<p>Ifsi Ifas Puer Saintdenis peut accompagner les lyc\u00e9ens qui commencent \u00e0 r\u00e9fl\u00e9chir \u00e0 leur avenir, les \u00e9tudiants qui souhaitent s\u2019orienter vers le secteur sanitaire et les adultes engag\u00e9s dans une \u00e9volution professionnelle. Le site s\u2019adresse \u00e9galement aux proches qui participent \u00e0 une r\u00e9flexion d\u2019orientation et recherchent des informations accessibles \u00e0 partager.<\/p>\n<p>Chaque public arrive avec une question diff\u00e9rente. Certains cherchent \u00e0 comprendre la diff\u00e9rence entre infirmier et aide-soignant, d\u2019autres souhaitent mieux cerner le domaine de la pu\u00e9riculture ou organiser leur parcours de recherche. En partant de son objectif personnel, il devient plus simple de s\u00e9lectionner les contenus les plus utiles et de pr\u00e9parer ses d\u00e9marches.<\/p>\n<h2>Ce que l\u2019on peut y rechercher<\/h2>\n<p><img decoding=\"async\" src=\"https:\/\/cahier2techno.fr\/wp-content\/uploads\/2026\/09\/ifsi-ifas-puer-saintdenis-projet-formation-2a56.webp\" alt=\"Jeune adulte consultant des ressources pour construire son projet de formation \u00e0 l\u2019Ifsi Ifas Puer Saintdenis, avec carnet et tablette.\" class=\"chrtch-ib\"><\/p>\n<h3>Une lecture plus claire des parcours<\/h3>\n<p>La premi\u00e8re utilit\u00e9 d\u2019un site consacr\u00e9 \u00e0 l\u2019IFSI, \u00e0 l\u2019IFAS et \u00e0 la pu\u00e9riculture consiste \u00e0 remettre de l\u2019ordre dans les informations. Avant de s\u2019int\u00e9resser aux modalit\u00e9s pr\u00e9cises d\u2019une formation, il est pertinent d\u2019identifier le m\u00e9tier vis\u00e9, le public accompagn\u00e9 et le type de responsabilit\u00e9s associ\u00e9. Cette m\u00e9thode \u00e9vite de choisir une voie uniquement \u00e0 partir d\u2019un intitul\u00e9.<\/p>\n<h3>Des rep\u00e8res pour pr\u00e9parer son orientation<\/h3>\n<p>La consultation d\u2019Ifsi Ifas Puer Saintdenis peut servir de point de d\u00e9part \u00e0 une d\u00e9marche en plusieurs temps. Le lecteur peut noter les formations qui correspondent \u00e0 son projet, relever les termes qu\u2019il doit approfondir, puis pr\u00e9parer une liste de questions \u00e0 poser \u00e0 l\u2019\u00e9tablissement ou au service d\u2019orientation concern\u00e9.<\/p>\n<h3>Un acc\u00e8s pratique \u00e0 une th\u00e9matique sp\u00e9cialis\u00e9e<\/h3>\n<p>Le regroupement des sujets autour des soins, de l\u2019accompagnement et de la petite enfance rend la recherche plus coh\u00e9rente. Au lieu de consulter des informations dispers\u00e9es, le lecteur dispose d\u2019un univers \u00e9ditorial centr\u00e9 sur des m\u00e9tiers o\u00f9 la relation humaine, la rigueur et le sens des responsabilit\u00e9s occupent une place essentielle.<\/p>\n<h2>Comment utiliser le site de fa\u00e7on efficace<\/h2>\n<p><img decoding=\"async\" src=\"https:\/\/cahier2techno.fr\/wp-content\/uploads\/2026\/09\/ifsi-ifas-puer-saintdenis-projet-formation-7c7c.webp\" alt=\"Jeune adulte consultant des informations sur l\u2019Ifsi Ifas Puer Saintdenis pour pr\u00e9parer son projet de formation aux m\u00e9tiers du soin\" class=\"chrtch-ib\"><\/p>\n<p>Une consultation active commence par la formulation d\u2019un objectif simple. Par exemple, une personne peut chercher \u00e0 comparer deux orientations, \u00e0 comprendre le vocabulaire d\u2019une formation ou \u00e0 pr\u00e9parer un premier \u00e9change avec un organisme. Cette question de d\u00e9part permet de lire les contenus avec un filtre pratique plut\u00f4t que de parcourir les informations sans m\u00e9thode.<\/p>\n<p>Il est aussi utile de cr\u00e9er une courte fiche personnelle avec quatre \u00e9l\u00e9ments\u00a0: le m\u00e9tier envisag\u00e9, le niveau de formation recherch\u00e9, les qualit\u00e9s que l\u2019on souhaite mobiliser et les questions encore ouvertes. Cette fiche transforme la recherche en outil de d\u00e9cision. Elle peut ensuite \u00eatre compl\u00e9t\u00e9e au fil de la consultation du site et des d\u00e9marches d\u2019orientation.<\/p>\n<p>Enfin, les informations rep\u00e9r\u00e9es doivent \u00eatre rapproch\u00e9es du projet individuel. Les contenus d\u2019Ifsi Ifas Puer Saintdenis fournissent des rep\u00e8res pour avancer, tandis que chaque lecteur peut approfondir les conditions et les \u00e9tapes correspondant \u00e0 sa situation aupr\u00e8s des interlocuteurs appropri\u00e9s. Cette articulation entre d\u00e9couverte et d\u00e9marche personnelle rend la recherche plus productive.<\/p>\n<h2>Les bons r\u00e9flexes pour construire un projet solide<\/h2>\n<p>Un projet de formation gagne en pr\u00e9cision lorsqu\u2019il s\u2019appuie sur une connaissance r\u00e9aliste du m\u00e9tier vis\u00e9. Il faut donc prendre le temps d\u2019identifier les publics accompagn\u00e9s, les situations professionnelles rencontr\u00e9es et les aptitudes n\u00e9cessaires au quotidien. Dans le secteur des soins, l\u2019\u00e9coute, l\u2019observation, l\u2019organisation et la capacit\u00e9 \u00e0 travailler en \u00e9quipe sont des dimensions \u00e0 int\u00e9grer \u00e0 sa r\u00e9flexion.<\/p>\n<p>La comparaison peut \u00e9galement porter sur le contenu des parcours et sur la nature des responsabilit\u00e9s. Un tableau personnel, m\u00eame tr\u00e8s simple, peut r\u00e9unir les questions essentielles et les r\u00e9ponses trouv\u00e9es au fil des recherches. Cette d\u00e9marche aide \u00e0 faire \u00e9merger une pr\u00e9f\u00e9rence argument\u00e9e plut\u00f4t qu\u2019une d\u00e9cision prise dans la pr\u00e9cipitation.<\/p>\n<p>Pour gagner du temps, il est pr\u00e9f\u00e9rable de regrouper ses recherches par th\u00e8me\u00a0: d\u00e9couverte des m\u00e9tiers, compr\u00e9hension des formations, pr\u00e9paration du dossier et organisation des prochaines d\u00e9marches. Cette progression donne une structure claire et permet de revenir facilement sur un sujet d\u00e9j\u00e0 consult\u00e9.<\/p>\n<h2>Ce que le lecteur gagne avec Ifsi Ifas Puer Saintdenis<\/h2>\n<p>Le principal b\u00e9n\u00e9fice est une meilleure lisibilit\u00e9 d\u2019un secteur qui rassemble plusieurs m\u00e9tiers et plusieurs parcours. En r\u00e9unissant les rep\u00e8res li\u00e9s \u00e0 l\u2019IFSI, \u00e0 l\u2019IFAS et \u00e0 la pu\u00e9riculture, Ifsi Ifas Puer Saintdenis aide le lecteur \u00e0 poser les bonnes bases avant d\u2019aller plus loin dans son orientation.<\/p>\n<p>Le site peut aussi soutenir une d\u00e9marche concr\u00e8te\u00a0: clarifier son objectif, pr\u00e9parer ses questions, organiser ses notes et aborder les \u00e9tapes suivantes avec davantage de confiance. Pour un candidat, un \u00e9tudiant ou une personne en reconversion, cette pr\u00e9paration am\u00e9liore la qualit\u00e9 des \u00e9changes et facilite la construction d\u2019un projet coh\u00e9rent.<\/p>\n<h2>Un point de d\u00e9part pour avancer dans les m\u00e9tiers du soin<\/h2>\n<p>Choisir une formation ne se r\u00e9sume pas \u00e0 retenir un intitul\u00e9. Le bon parcours est celui qui correspond \u00e0 un int\u00e9r\u00eat professionnel, \u00e0 des aptitudes personnelles et \u00e0 une envie durable d\u2019accompagner les autres. Ifsi Ifas Puer Saintdenis offre un cadre th\u00e9matique pertinent pour commencer cette r\u00e9flexion, mieux comprendre les possibilit\u00e9s et organiser ses recherches.<\/p>\n<p>En utilisant le site comme un support de pr\u00e9paration, chacun peut passer d\u2019une curiosit\u00e9 g\u00e9n\u00e9rale \u00e0 une d\u00e9marche structur\u00e9e. La prochaine \u00e9tape consiste \u00e0 formuler clairement son projet, \u00e0 approfondir les informations correspondant \u00e0 sa situation et \u00e0 transformer ces rep\u00e8res en actions concr\u00e8tes.<\/p>\n","protected":false},"excerpt":{"rendered":"<p>Choisir une formation dans le domaine des soins demande de rassembler des informations fiables, de comprendre les parcours possibles et de relier chaque option \u00e0 son propre projet. Entre les formations infirmi\u00e8res, aides-soignantes et celles li\u00e9es \u00e0 la petite enfance, les d\u00e9marches peuvent rapidement sembler complexes. Un espace sp\u00e9cialis\u00e9 aide \u00e0 avancer avec davantage de [&hellip;]<\/p>\n","protected":false},"author":1,"featured_media":817,"comment_status":"open","ping_status":"open","sticky":false,"template":"","format":"standard","meta":{"footnotes":""},"categories":[13],"tags":[],"class_list":["post-818","post","type-post","status-publish","format-standard","has-post-thumbnail","hentry","category-enseignement"],"yoast_head":"<!-- This site is optimized with the Yoast SEO plugin v27.6 - https:\/\/yoast.com\/product\/yoast-seo-wordpress\/ -->\n<title>Ifsi Ifas Puer Saintdenis, un rep\u00e8re pour se former<\/title>\n<meta name=\"description\" content=\"D\u00e9couvrez Ifsi Ifas Puer Saintdenis, un site utile pour comprendre les parcours de formation en soins et pr\u00e9parer votre orientation avec m\u00e9thode\" \/>\n<meta name=\"robots\" content=\"index, follow, max-snippet:-1, max-image-preview:large, max-video-preview:-1\" \/>\n<link rel=\"canonical\" href=\"https:\/\/cahier2techno.fr\/ifsi-ifas-puer-saintdenis\/\" \/>\n<meta property=\"og:locale\" content=\"fr_FR\" \/>\n<meta property=\"og:type\" content=\"article\" \/>\n<meta property=\"og:title\" content=\"Ifsi Ifas Puer Saintdenis, un rep\u00e8re pour se former\" \/>\n<meta property=\"og:description\" content=\"D\u00e9couvrez Ifsi Ifas Puer Saintdenis, un site utile pour comprendre les parcours de formation en soins et pr\u00e9parer votre orientation avec m\u00e9thode\" \/>\n<meta property=\"og:url\" content=\"https:\/\/cahier2techno.fr\/ifsi-ifas-puer-saintdenis\/\" \/>\n<meta property=\"og:site_name\" content=\"Cahier2techno.fr\" \/>\n<meta property=\"article:published_time\" content=\"2026-09-04T12:46:08+00:00\" \/>\n<meta property=\"og:image\" content=\"https:\/\/cahier2techno.fr\/wp-content\/uploads\/2026\/09\/ifsi-ifas-puer-saintdenis-projet-formation-7c7c-1.webp\" \/>\n\t<meta property=\"og:image:width\" content=\"1200\" \/>\n\t<meta property=\"og:image:height\" content=\"800\" \/>\n\t<meta property=\"og:image:type\" content=\"image\/webp\" \/>\n<meta name=\"author\" content=\"Yannick Fayeulle\" \/>\n<meta name=\"twitter:card\" content=\"summary_large_image\" \/>\n<meta name=\"twitter:label1\" content=\"\u00c9crit par\" \/>\n\t<meta name=\"twitter:data1\" content=\"Yannick Fayeulle\" \/>\n\t<meta name=\"twitter:label2\" content=\"Dur\u00e9e de lecture estim\u00e9e\" \/>\n\t<meta name=\"twitter:data2\" content=\"6 minutes\" \/>\n<script type=\"application\/ld+json\" class=\"yoast-schema-graph\">{\"@context\":\"https:\\\/\\\/schema.org\",\"@graph\":[{\"@type\":\"Article\",\"@id\":\"https:\\\/\\\/cahier2techno.fr\\\/ifsi-ifas-puer-saintdenis\\\/#article\",\"isPartOf\":{\"@id\":\"https:\\\/\\\/cahier2techno.fr\\\/ifsi-ifas-puer-saintdenis\\\/\"},\"author\":{\"name\":\"Yannick Fayeulle\",\"@id\":\"https:\\\/\\\/cahier2techno.fr\\\/#\\\/schema\\\/person\\\/3801cbd3e787da0ab9ebf04e97f9befc\"},\"headline\":\"Ifsi Ifas Puer Saintdenis pour construire son projet de formation\",\"datePublished\":\"2026-09-04T12:46:08+00:00\",\"mainEntityOfPage\":{\"@id\":\"https:\\\/\\\/cahier2techno.fr\\\/ifsi-ifas-puer-saintdenis\\\/\"},\"wordCount\":1225,\"commentCount\":0,\"image\":{\"@id\":\"https:\\\/\\\/cahier2techno.fr\\\/ifsi-ifas-puer-saintdenis\\\/#primaryimage\"},\"thumbnailUrl\":\"https:\\\/\\\/cahier2techno.fr\\\/wp-content\\\/uploads\\\/2026\\\/09\\\/ifsi-ifas-puer-saintdenis-projet-formation-7c7c-1.webp\",\"articleSection\":[\"Enseignement\"],\"inLanguage\":\"fr-FR\",\"potentialAction\":[{\"@type\":\"CommentAction\",\"name\":\"Comment\",\"target\":[\"https:\\\/\\\/cahier2techno.fr\\\/ifsi-ifas-puer-saintdenis\\\/#respond\"]}]},{\"@type\":\"WebPage\",\"@id\":\"https:\\\/\\\/cahier2techno.fr\\\/ifsi-ifas-puer-saintdenis\\\/\",\"url\":\"https:\\\/\\\/cahier2techno.fr\\\/ifsi-ifas-puer-saintdenis\\\/\",\"name\":\"Ifsi Ifas Puer Saintdenis, un rep\u00e8re pour se former\",\"isPartOf\":{\"@id\":\"https:\\\/\\\/cahier2techno.fr\\\/#website\"},\"primaryImageOfPage\":{\"@id\":\"https:\\\/\\\/cahier2techno.fr\\\/ifsi-ifas-puer-saintdenis\\\/#primaryimage\"},\"image\":{\"@id\":\"https:\\\/\\\/cahier2techno.fr\\\/ifsi-ifas-puer-saintdenis\\\/#primaryimage\"},\"thumbnailUrl\":\"https:\\\/\\\/cahier2techno.fr\\\/wp-content\\\/uploads\\\/2026\\\/09\\\/ifsi-ifas-puer-saintdenis-projet-formation-7c7c-1.webp\",\"datePublished\":\"2026-09-04T12:46:08+00:00\",\"author\":{\"@id\":\"https:\\\/\\\/cahier2techno.fr\\\/#\\\/schema\\\/person\\\/3801cbd3e787da0ab9ebf04e97f9befc\"},\"description\":\"D\u00e9couvrez Ifsi Ifas Puer Saintdenis, un site utile pour comprendre les parcours de formation en soins et pr\u00e9parer votre orientation avec m\u00e9thode\",\"breadcrumb\":{\"@id\":\"https:\\\/\\\/cahier2techno.fr\\\/ifsi-ifas-puer-saintdenis\\\/#breadcrumb\"},\"inLanguage\":\"fr-FR\",\"potentialAction\":[{\"@type\":\"ReadAction\",\"target\":[\"https:\\\/\\\/cahier2techno.fr\\\/ifsi-ifas-puer-saintdenis\\\/\"]}]},{\"@type\":\"ImageObject\",\"inLanguage\":\"fr-FR\",\"@id\":\"https:\\\/\\\/cahier2techno.fr\\\/ifsi-ifas-puer-saintdenis\\\/#primaryimage\",\"url\":\"https:\\\/\\\/cahier2techno.fr\\\/wp-content\\\/uploads\\\/2026\\\/09\\\/ifsi-ifas-puer-saintdenis-projet-formation-7c7c-1.webp\",\"contentUrl\":\"https:\\\/\\\/cahier2techno.fr\\\/wp-content\\\/uploads\\\/2026\\\/09\\\/ifsi-ifas-puer-saintdenis-projet-formation-7c7c-1.webp\",\"width\":1200,\"height\":800,\"caption\":\"ifsi ifas puer saintdenis projet formation 7c7c 1\"},{\"@type\":\"BreadcrumbList\",\"@id\":\"https:\\\/\\\/cahier2techno.fr\\\/ifsi-ifas-puer-saintdenis\\\/#breadcrumb\",\"itemListElement\":[{\"@type\":\"ListItem\",\"position\":1,\"name\":\"Accueil\",\"item\":\"https:\\\/\\\/cahier2techno.fr\\\/\"},{\"@type\":\"ListItem\",\"position\":2,\"name\":\"Ifsi Ifas Puer Saintdenis pour construire son projet de formation\"}]},{\"@type\":\"WebSite\",\"@id\":\"https:\\\/\\\/cahier2techno.fr\\\/#website\",\"url\":\"https:\\\/\\\/cahier2techno.fr\\\/\",\"name\":\"Cahier2techno.fr\",\"description\":\"Coll\u00e8ge Albert Debeyre \u2013 Beuvry \u2013 Cours de technologie\",\"potentialAction\":[{\"@type\":\"SearchAction\",\"target\":{\"@type\":\"EntryPoint\",\"urlTemplate\":\"https:\\\/\\\/cahier2techno.fr\\\/?s={search_term_string}\"},\"query-input\":{\"@type\":\"PropertyValueSpecification\",\"valueRequired\":true,\"valueName\":\"search_term_string\"}}],\"inLanguage\":\"fr-FR\"},{\"@type\":\"Person\",\"@id\":\"https:\\\/\\\/cahier2techno.fr\\\/#\\\/schema\\\/person\\\/3801cbd3e787da0ab9ebf04e97f9befc\",\"name\":\"Yannick Fayeulle\",\"image\":{\"@type\":\"ImageObject\",\"inLanguage\":\"fr-FR\",\"@id\":\"https:\\\/\\\/cahier2techno.fr\\\/wp-content\\\/uploads\\\/2026\\\/06\\\/img_6a2f89736e54b-120x120.webp\",\"url\":\"https:\\\/\\\/cahier2techno.fr\\\/wp-content\\\/uploads\\\/2026\\\/06\\\/img_6a2f89736e54b-120x120.webp\",\"contentUrl\":\"https:\\\/\\\/cahier2techno.fr\\\/wp-content\\\/uploads\\\/2026\\\/06\\\/img_6a2f89736e54b-120x120.webp\",\"caption\":\"Yannick Fayeulle\"},\"description\":\"Enseignant en technologie au coll\u00e8ge, il a d\u00e9velopp\u00e9 une approche p\u00e9dagogique centr\u00e9e sur la continuit\u00e9 et l'accessibilit\u00e9 des contenus. Convaincu que les \u00e9l\u00e8ves doivent pouvoir r\u00e9viser et progresser \u00e0 leur rythme, il a cr\u00e9\u00e9 cet espace num\u00e9rique pour documenter chaque \u00e9tape du parcours \u00e9ducatif. Son objectif : transformer l'apprentissage technologique en une exp\u00e9rience transparente et collaborative, o\u00f9 chaque \u00e9l\u00e8ve trouve les ressources dont il a besoin au moment opportun.\",\"sameAs\":[\"https:\\\/\\\/cahier2techno.fr\"],\"url\":\"https:\\\/\\\/cahier2techno.fr\\\/index.php\\\/author\\\/admin\\\/\"}]}<\/script>\n<!-- \/ Yoast SEO plugin. -->","yoast_head_json":{"title":"Ifsi Ifas Puer Saintdenis, un rep\u00e8re pour se former","description":"D\u00e9couvrez Ifsi Ifas Puer Saintdenis, un site utile pour comprendre les parcours de formation en soins et pr\u00e9parer votre orientation avec m\u00e9thode","robots":{"index":"index","follow":"follow","max-snippet":"max-snippet:-1","max-image-preview":"max-image-preview:large","max-video-preview":"max-video-preview:-1"},"canonical":"https:\/\/cahier2techno.fr\/ifsi-ifas-puer-saintdenis\/","og_locale":"fr_FR","og_type":"article","og_title":"Ifsi Ifas Puer Saintdenis, un rep\u00e8re pour se former","og_description":"D\u00e9couvrez Ifsi Ifas Puer Saintdenis, un site utile pour comprendre les parcours de formation en soins et pr\u00e9parer votre orientation avec m\u00e9thode","og_url":"https:\/\/cahier2techno.fr\/ifsi-ifas-puer-saintdenis\/","og_site_name":"Cahier2techno.fr","article_published_time":"2026-09-04T12:46:08+00:00","og_image":[{"width":1200,"height":800,"url":"https:\/\/cahier2techno.fr\/wp-content\/uploads\/2026\/09\/ifsi-ifas-puer-saintdenis-projet-formation-7c7c-1.webp","type":"image\/webp"}],"author":"Yannick Fayeulle","twitter_card":"summary_large_image","twitter_misc":{"\u00c9crit par":"Yannick Fayeulle","Dur\u00e9e de lecture estim\u00e9e":"6 minutes"},"schema":{"@context":"https:\/\/schema.org","@graph":[{"@type":"Article","@id":"https:\/\/cahier2techno.fr\/ifsi-ifas-puer-saintdenis\/#article","isPartOf":{"@id":"https:\/\/cahier2techno.fr\/ifsi-ifas-puer-saintdenis\/"},"author":{"name":"Yannick Fayeulle","@id":"https:\/\/cahier2techno.fr\/#\/schema\/person\/3801cbd3e787da0ab9ebf04e97f9befc"},"headline":"Ifsi Ifas Puer Saintdenis pour construire son projet de formation","datePublished":"2026-09-04T12:46:08+00:00","mainEntityOfPage":{"@id":"https:\/\/cahier2techno.fr\/ifsi-ifas-puer-saintdenis\/"},"wordCount":1225,"commentCount":0,"image":{"@id":"https:\/\/cahier2techno.fr\/ifsi-ifas-puer-saintdenis\/#primaryimage"},"thumbnailUrl":"https:\/\/cahier2techno.fr\/wp-content\/uploads\/2026\/09\/ifsi-ifas-puer-saintdenis-projet-formation-7c7c-1.webp","articleSection":["Enseignement"],"inLanguage":"fr-FR","potentialAction":[{"@type":"CommentAction","name":"Comment","target":["https:\/\/cahier2techno.fr\/ifsi-ifas-puer-saintdenis\/#respond"]}]},{"@type":"WebPage","@id":"https:\/\/cahier2techno.fr\/ifsi-ifas-puer-saintdenis\/","url":"https:\/\/cahier2techno.fr\/ifsi-ifas-puer-saintdenis\/","name":"Ifsi Ifas Puer Saintdenis, un rep\u00e8re pour se former","isPartOf":{"@id":"https:\/\/cahier2techno.fr\/#website"},"primaryImageOfPage":{"@id":"https:\/\/cahier2techno.fr\/ifsi-ifas-puer-saintdenis\/#primaryimage"},"image":{"@id":"https:\/\/cahier2techno.fr\/ifsi-ifas-puer-saintdenis\/#primaryimage"},"thumbnailUrl":"https:\/\/cahier2techno.fr\/wp-content\/uploads\/2026\/09\/ifsi-ifas-puer-saintdenis-projet-formation-7c7c-1.webp","datePublished":"2026-09-04T12:46:08+00:00","author":{"@id":"https:\/\/cahier2techno.fr\/#\/schema\/person\/3801cbd3e787da0ab9ebf04e97f9befc"},"description":"D\u00e9couvrez Ifsi Ifas Puer Saintdenis, un site utile pour comprendre les parcours de formation en soins et pr\u00e9parer votre orientation avec m\u00e9thode","breadcrumb":{"@id":"https:\/\/cahier2techno.fr\/ifsi-ifas-puer-saintdenis\/#breadcrumb"},"inLanguage":"fr-FR","potentialAction":[{"@type":"ReadAction","target":["https:\/\/cahier2techno.fr\/ifsi-ifas-puer-saintdenis\/"]}]},{"@type":"ImageObject","inLanguage":"fr-FR","@id":"https:\/\/cahier2techno.fr\/ifsi-ifas-puer-saintdenis\/#primaryimage","url":"https:\/\/cahier2techno.fr\/wp-content\/uploads\/2026\/09\/ifsi-ifas-puer-saintdenis-projet-formation-7c7c-1.webp","contentUrl":"https:\/\/cahier2techno.fr\/wp-content\/uploads\/2026\/09\/ifsi-ifas-puer-saintdenis-projet-formation-7c7c-1.webp","width":1200,"height":800,"caption":"ifsi ifas puer saintdenis projet formation 7c7c 1"},{"@type":"BreadcrumbList","@id":"https:\/\/cahier2techno.fr\/ifsi-ifas-puer-saintdenis\/#breadcrumb","itemListElement":[{"@type":"ListItem","position":1,"name":"Accueil","item":"https:\/\/cahier2techno.fr\/"},{"@type":"ListItem","position":2,"name":"Ifsi Ifas Puer Saintdenis pour construire son projet de formation"}]},{"@type":"WebSite","@id":"https:\/\/cahier2techno.fr\/#website","url":"https:\/\/cahier2techno.fr\/","name":"Cahier2techno.fr","description":"Coll\u00e8ge Albert Debeyre \u2013 Beuvry \u2013 Cours de technologie","potentialAction":[{"@type":"SearchAction","target":{"@type":"EntryPoint","urlTemplate":"https:\/\/cahier2techno.fr\/?s={search_term_string}"},"query-input":{"@type":"PropertyValueSpecification","valueRequired":true,"valueName":"search_term_string"}}],"inLanguage":"fr-FR"},{"@type":"Person","@id":"https:\/\/cahier2techno.fr\/#\/schema\/person\/3801cbd3e787da0ab9ebf04e97f9befc","name":"Yannick Fayeulle","image":{"@type":"ImageObject","inLanguage":"fr-FR","@id":"https:\/\/cahier2techno.fr\/wp-content\/uploads\/2026\/06\/img_6a2f89736e54b-120x120.webp","url":"https:\/\/cahier2techno.fr\/wp-content\/uploads\/2026\/06\/img_6a2f89736e54b-120x120.webp","contentUrl":"https:\/\/cahier2techno.fr\/wp-content\/uploads\/2026\/06\/img_6a2f89736e54b-120x120.webp","caption":"Yannick Fayeulle"},"description":"Enseignant en technologie au coll\u00e8ge, il a d\u00e9velopp\u00e9 une approche p\u00e9dagogique centr\u00e9e sur la continuit\u00e9 et l'accessibilit\u00e9 des contenus. Convaincu que les \u00e9l\u00e8ves doivent pouvoir r\u00e9viser et progresser \u00e0 leur rythme, il a cr\u00e9\u00e9 cet espace num\u00e9rique pour documenter chaque \u00e9tape du parcours \u00e9ducatif. Son objectif : transformer l'apprentissage technologique en une exp\u00e9rience transparente et collaborative, o\u00f9 chaque \u00e9l\u00e8ve trouve les ressources dont il a besoin au moment opportun.","sameAs":["https:\/\/cahier2techno.fr"],"url":"https:\/\/cahier2techno.fr\/index.php\/author\/admin\/"}]}},"_links":{"self":[{"href":"https:\/\/cahier2techno.fr\/index.php\/wp-json\/wp\/v2\/posts\/818","targetHints":{"allow":["GET"]}}],"collection":[{"href":"https:\/\/cahier2techno.fr\/index.php\/wp-json\/wp\/v2\/posts"}],"about":[{"href":"https:\/\/cahier2techno.fr\/index.php\/wp-json\/wp\/v2\/types\/post"}],"author":[{"embeddable":true,"href":"https:\/\/cahier2techno.fr\/index.php\/wp-json\/wp\/v2\/users\/1"}],"replies":[{"embeddable":true,"href":"https:\/\/cahier2techno.fr\/index.php\/wp-json\/wp\/v2\/comments?post=818"}],"version-history":[{"count":0,"href":"https:\/\/cahier2techno.fr\/index.php\/wp-json\/wp\/v2\/posts\/818\/revisions"}],"wp:featuredmedia":[{"embeddable":true,"href":"https:\/\/cahier2techno.fr\/index.php\/wp-json\/wp\/v2\/media\/817"}],"wp:attachment":[{"href":"https:\/\/cahier2techno.fr\/index.php\/wp-json\/wp\/v2\/media?parent=818"}],"wp:term":[{"taxonomy":"category","embeddable":true,"href":"https:\/\/cahier2techno.fr\/index.php\/wp-json\/wp\/v2\/categories?post=818"},{"taxonomy":"post_tag","embeddable":true,"href":"https:\/\/cahier2techno.fr\/index.php\/wp-json\/wp\/v2\/tags?post=818"}],"curies":[{"name":"wp","href":"https:\/\/api.w.org\/{rel}","templated":true}]}}